{"id":925,"date":"2015-07-10T15:25:40","date_gmt":"2015-07-10T15:25:40","guid":{"rendered":"http:\/\/www.riformaremilano.polimi.it\/?p=925"},"modified":"2017-06-05T07:57:00","modified_gmt":"2017-06-05T07:57:00","slug":"caserma-montello","status":"publish","type":"post","link":"https:\/\/www.riformaremilano.polimi.it\/?p=925","title":{"rendered":"CASERMA MONTELLO"},"content":{"rendered":"<p align=\"justify\">Nel settore nord-ovest della citt\u00e0, la Caserma occupa una vasta area di forma rettangolare posta alla fine di Corso Sempione e in prossimit\u00e0 di piazza Firenze. Il complesso \u00e8 costituito da padiglioni attorno a una grande piazza d\u2019armi centrale, con spazi bunker sottostanti oggi inutilizzati. Il corpo di fabbrica principale delimita il perimetro della caserma su via Caracciolo, ha uno sviluppo in alzato di tre piani ed \u00e8 caratterizzato da un ingresso con tre arcate bugnate e superiormente \u00e8 bucato da bifore; ospitava l\u2019infermeria, la mensa e la di Palazzina Comando con alloggi e uffici. Il resto del complesso \u00e8 costituito da altri corpi di fabbrica di dimensioni minori e dai magazzini su via Arimondi. L\u2019insieme, del 1910, \u00e8 riconducibile ad un eclettismo maturo che contraddistingue gli edifici lungo le vie pubbliche con un prospetto consono ai principi di decoro urbano. La caserma dismessa pone questioni di attraversabilit\u00e0 dello spazio aperto e del suo coinvolgimento nel sistema ciclopedonale urbano oltre a temi connessi al mantenimento dei manufatti appartenenti alla memoria urbana. [bc]<\/p>\n<p><strong>A.A. 2015\/16<\/strong><\/p>\n<p><a href=\"http:\/\/www.riformaremilano.polimi.it\/?page_id=2071\" target=\"_blank\" rel=\"noopener noreferrer\">Laboratorio di Progettazione Architettonica II<\/a><br \/>\nDocenti: Klaus Theo Brenner, Ilaria Valente, Giulia Setti<\/p>\n<p><strong>Studenti<\/strong><br \/>\nGino Baldi, Serena Comi<\/p>\n<p>&#8212;&#8211;<\/p>\n<p><strong>A.A. 2014\/15<\/strong><\/p>\n<p><a href=\"http:\/\/www.riformaremilano.polimi.it\/?page_id=940\" target=\"_blank\" rel=\"noopener noreferrer\">Laboratorio di Progettazione Architettonica 3<\/a><br \/>\nDocenti: Franco Tagliabue, Maria Maddalena Reggio<\/p>\n<p><a href=\"http:\/\/www.riformaremilano.polimi.it\/?page_id=956\" target=\"_blank\" rel=\"noopener noreferrer\">Laboratorio di Progettazione Architettonica 2<\/a><br \/>\nDocenti:\u00a0Riccardo Mazzoni, Raffaella Brumana<\/p>\n<p><a href=\"http:\/\/www.riformaremilano.polimi.it\/?page_id=965\" target=\"_blank\" rel=\"noopener noreferrer\">Laboratorio di Progettazione Architettonica 2<\/a><br \/>\nDocenti:\u00a0Guya Bertelli, Dario Vanetti, Paola Bracchi<\/p>\n<p><a href=\"http:\/\/www.riformaremilano.polimi.it\/?page_id=979\" target=\"_blank\" rel=\"noopener noreferrer\">Laboratorio di Progettazione Architettonica 3<\/a><br \/>\nDocenti:\u00a0Roberto Ravegnani Morosini, Michela Pesatori<\/p>\n<p><a href=\"http:\/\/www.riformaremilano.polimi.it\/?page_id=1217\" target=\"_blank\" rel=\"noopener noreferrer\">Laboratorio di Progettazione Architettonica\u00a01<\/a><br \/>\nDocenti:\u00a0Orsina Simona Pierini, Alessandro Isastia, Eleonora Salsa<\/p>\n<p><a href=\"http:\/\/www.riformaremilano.polimi.it\/?page_id=1116\" target=\"_blank\" rel=\"noopener noreferrer\">Town Planning Design Workshop<\/a><br \/>\nDocenti:\u00a0Corinna Morandi, Federico Jappelli, Lina Scavuzzo<\/p>\n<p><a href=\"http:\/\/www.riformaremilano.polimi.it\/?page_id=1427\" target=\"_blank\" rel=\"noopener noreferrer\">Multi-scale Architecture and Urban Design Studio 2<\/a><br \/>\nDocenti:\u00a0Karin Hofert, Andrea Cammarata, Sandro Rolla<\/p>\n<p><strong>Studenti<br \/>\n<\/strong>Eloisa Calcagno,\u00a0Giulio Bertino, Andrea Bianchi, Elena Calvano, Claudia Monici,\u00a0Valentina Mometto, Maria Vassileva,\u00a0Riccardo Colombo, Guilherme Torres Martins, Alberto Valtulini, Valentina Bonassi, Vasco Mayer, Andrea Sfogliarini, Luana Torri,\u00a0Martina Brambati,\u00a0Maria Eleonora Caminada,\u00a0Silvia Faravelli,\u00a0Filippo Montevecchi,\u00a0Alfia Khabibulina, Giulia Rossari, Oliwia Ziolkowska,\u00a0Fabio Bonomelli, Federico Tagliabue,\u00a0Samuel Frigeri, Cecilia Manzo,\u00a0Vera Cristina Franco, Greta Lamoretti,\u00a0 Marta Cattaneo, Giulia Dasiari,\u00a0Hu Shiali, Shao Wei<\/p>\n","protected":false},"excerpt":{"rendered":"<p>Nel settore nord-ovest della citt\u00e0, la Caserma occupa una vasta area di forma rettangolare posta&#8230;<\/p>\n","protected":false},"author":2,"featured_media":2038,"comment_status":"closed","ping_status":"open","sticky":false,"template":"","format":"standard","meta":{"footnotes":""},"categories":[28],"tags":[],"class_list":["post-925","post","type-post","status-publish","format-standard","has-post-thumbnail","hentry","category-vuoti-urbani-e-recinti-interdetti"],"_links":{"self":[{"href":"https:\/\/www.riformaremilano.polimi.it\/index.php?rest_route=\/wp\/v2\/posts\/925","targetHints":{"allow":["GET"]}}],"collection":[{"href":"https:\/\/www.riformaremilano.polimi.it\/index.php?rest_route=\/wp\/v2\/posts"}],"about":[{"href":"https:\/\/www.riformaremilano.polimi.it\/index.php?rest_route=\/wp\/v2\/types\/post"}],"author":[{"embeddable":true,"href":"https:\/\/www.riformaremilano.polimi.it\/index.php?rest_route=\/wp\/v2\/users\/2"}],"replies":[{"embeddable":true,"href":"https:\/\/www.riformaremilano.polimi.it\/index.php?rest_route=%2Fwp%2Fv2%2Fcomments&post=925"}],"version-history":[{"count":14,"href":"https:\/\/www.riformaremilano.polimi.it\/index.php?rest_route=\/wp\/v2\/posts\/925\/revisions"}],"predecessor-version":[{"id":2627,"href":"https:\/\/www.riformaremilano.polimi.it\/index.php?rest_route=\/wp\/v2\/posts\/925\/revisions\/2627"}],"wp:featuredmedia":[{"embeddable":true,"href":"https:\/\/www.riformaremilano.polimi.it\/index.php?rest_route=\/wp\/v2\/media\/2038"}],"wp:attachment":[{"href":"https:\/\/www.riformaremilano.polimi.it\/index.php?rest_route=%2Fwp%2Fv2%2Fmedia&parent=925"}],"wp:term":[{"taxonomy":"category","embeddable":true,"href":"https:\/\/www.riformaremilano.polimi.it\/index.php?rest_route=%2Fwp%2Fv2%2Fcategories&post=925"},{"taxonomy":"post_tag","embeddable":true,"href":"https:\/\/www.riformaremilano.polimi.it\/index.php?rest_route=%2Fwp%2Fv2%2Ftags&post=925"}],"curies":[{"name":"wp","href":"https:\/\/api.w.org\/{rel}","templated":true}]}}