{"id":913,"date":"2015-07-10T15:21:34","date_gmt":"2015-07-10T15:21:34","guid":{"rendered":"http:\/\/www.riformaremilano.polimi.it\/?p=913"},"modified":"2017-05-31T16:10:46","modified_gmt":"2017-05-31T16:10:46","slug":"ex-comitex","status":"publish","type":"post","link":"https:\/\/www.riformaremilano.polimi.it\/?p=913","title":{"rendered":"EX COMITEX"},"content":{"rendered":"<p align=\"justify\">L\u2019insieme di edifici che formano il complesso della ex Comitex, costituiscono un esempio estremamente rappresentativo di una condizione critica diffusa in alcuni ambiti del tessuto urbano milanese. Ci si trova di fronte a un isolato tradizionale, formato dalla coesistenza di episodi edilizi legati a temi e forme diversificate che restituiscono un insieme riconoscibile, seppur costituito da parti incoerenti. Tra i numerosi esempi, in cui si pu\u00f2 riconoscere una stratificazione di episodi, dovuti al variare dei materiali che compongono l\u2019isolato, rispetto al permanere della sua forma, il caso in oggetto diviene significativo del fenomeno di cessazione del connubio tra tipo residenziale e piccola produzione individuale che sussisteva sino a pochi decenni fa. Casi come questo chiamano in causa una pluralit\u00e0 di possibilit\u00e0; da una parte si evidenzia la necessit\u00e0 di procedere a un disegno in grado di preservare la forma dell\u2019isolato, procedendo al consolidamento della sua natura urbana, pur attuando uno slittamento verso il tentativo di aggiornarne il significato rispetto al senso rinnovato che la modernit\u00e0 attribuisce al senso dello spazio pubblico e di quello condiviso. Dall\u2019altra, il connubio tra residenza e piccola produzione, introduce la possibilit\u00e0 di recuperare questa forma ibrida di relazione e coesistenza del vivere e del lavorare che potrebbe riscoprire una nuova attualit\u00e0. Questa ipotesi rende una condizione critica minore, come quella della ex Comitex, estremamente interessante come occasione per sperimentare la possibilit\u00e0 di aggiornare, a partire da un frammento, la forma storicamente pi\u00f9 fondata della realt\u00e0 urbana milanese. [ao]<\/p>\n<p><strong>A.A. 2015\/2016<\/strong><\/p>\n<p><a href=\"http:\/\/www.riformaremilano.polimi.it\/?page_id=2184\" target=\"_blank\" rel=\"noopener noreferrer\">Architectural Design Studio 2<\/a><strong><br \/>\n<\/strong>Docenti: Giulia Setti, Giovanni Bassi, Mario Paris<\/p>\n<p><strong>Studenti<\/strong><br \/>\nFrancesco Nava, Virginia Pozzi<\/p>\n<p>&#8212;&#8211;<\/p>\n<p><strong>A.A. 2014\/2015<\/strong><\/p>\n<p><a href=\"http:\/\/www.riformaremilano.polimi.it\/?page_id=1055\" target=\"_blank\" rel=\"noopener noreferrer\">Laboratorio di Progettazione Architettonica 2<\/a><br \/>\nDocenti: Marco Bovati, Andrea Oldani, Ilaria Valente<\/p>\n<p><a href=\"http:\/\/www.riformaremilano.polimi.it\/?page_id=1438\" target=\"_blank\" rel=\"noopener noreferrer\">Laboratorio di Progettazione Architettonica 1<\/a><br \/>\nDocenti:\u00a0Cristina Bergo, Pier Federico Caliari, Vittorio Prina<\/p>\n<p><strong>Studenti<br \/>\n<\/strong>Simone Ferrari, Sara Franchino,\u00a0Valentino Agostoni, Andrea Dentoni, Nicola Bandettini, Annalisa Gabbari, Ilaria Bassani, Priscilla Costa<\/p>\n","protected":false},"excerpt":{"rendered":"<p>L\u2019insieme di edifici che formano il complesso della ex Comitex, costituiscono un esempio estremamente rappresentativo&#8230;<\/p>\n","protected":false},"author":2,"featured_media":2033,"comment_status":"closed","ping_status":"open","sticky":false,"template":"","format":"standard","meta":{"footnotes":""},"categories":[12],"tags":[],"class_list":["post-913","post","type-post","status-publish","format-standard","has-post-thumbnail","hentry","category-tasselli-di-degrado"],"_links":{"self":[{"href":"https:\/\/www.riformaremilano.polimi.it\/index.php?rest_route=\/wp\/v2\/posts\/913","targetHints":{"allow":["GET"]}}],"collection":[{"href":"https:\/\/www.riformaremilano.polimi.it\/index.php?rest_route=\/wp\/v2\/posts"}],"about":[{"href":"https:\/\/www.riformaremilano.polimi.it\/index.php?rest_route=\/wp\/v2\/types\/post"}],"author":[{"embeddable":true,"href":"https:\/\/www.riformaremilano.polimi.it\/index.php?rest_route=\/wp\/v2\/users\/2"}],"replies":[{"embeddable":true,"href":"https:\/\/www.riformaremilano.polimi.it\/index.php?rest_route=%2Fwp%2Fv2%2Fcomments&post=913"}],"version-history":[{"count":8,"href":"https:\/\/www.riformaremilano.polimi.it\/index.php?rest_route=\/wp\/v2\/posts\/913\/revisions"}],"predecessor-version":[{"id":2378,"href":"https:\/\/www.riformaremilano.polimi.it\/index.php?rest_route=\/wp\/v2\/posts\/913\/revisions\/2378"}],"wp:featuredmedia":[{"embeddable":true,"href":"https:\/\/www.riformaremilano.polimi.it\/index.php?rest_route=\/wp\/v2\/media\/2033"}],"wp:attachment":[{"href":"https:\/\/www.riformaremilano.polimi.it\/index.php?rest_route=%2Fwp%2Fv2%2Fmedia&parent=913"}],"wp:term":[{"taxonomy":"category","embeddable":true,"href":"https:\/\/www.riformaremilano.polimi.it\/index.php?rest_route=%2Fwp%2Fv2%2Fcategories&post=913"},{"taxonomy":"post_tag","embeddable":true,"href":"https:\/\/www.riformaremilano.polimi.it\/index.php?rest_route=%2Fwp%2Fv2%2Ftags&post=913"}],"curies":[{"name":"wp","href":"https:\/\/api.w.org\/{rel}","templated":true}]}}