{"id":909,"date":"2015-07-10T15:20:31","date_gmt":"2015-07-10T15:20:31","guid":{"rendered":"http:\/\/www.riformaremilano.polimi.it\/?p=909"},"modified":"2017-05-31T16:28:44","modified_gmt":"2017-05-31T16:28:44","slug":"ex-stazione-agip","status":"publish","type":"post","link":"https:\/\/www.riformaremilano.polimi.it\/?p=909","title":{"rendered":"EX STAZIONE AGIP"},"content":{"rendered":"<p align=\"justify\">\u201cPercorrendo viale Certosa in direzione nord, all\u2019altezza di piazzale Accursio &#8211; sul cui rond\u00f2 sino a pochi anni fa si affacciava la filiale dell\u2019Alfa Romeo &#8211; si trova questo interessantissimo edificio dall\u2019immagine fortemente plastica ed inusuale nell\u2019anonimo contesto edilizio. Si tratta di una stazione di servizio carburanti AGIP rimasta in attivit\u00e0 sino alla met\u00e0 degli anni Ottanta, quando l\u2019edificio \u00e8 stato riconvertito con l\u2019attivit\u00e0 di un gommista. La particolarit\u00e0 del lotto a V determinata dalla convergenza sul piazzale degli assi stradali Certosa ed Espinasse ha condizionato il progetto che l\u2019architetto Mario Bacciocchi ha risolto con un edificio esemplare, la cui architettura ben esprime l\u2019immagine dinamica dell\u2019industria dei trasporti e il mondo dei motori al quale con fiducia ed aspirazione si guardava all\u2019inizio degli anni Cinquanta. Dominano l\u2019edificio e ne determinano l\u2019immagine fortemente plastica la rotondit\u00e0 della testata, i poderosi sbalzi delle pensiline, lo svuotamento dei volumi alle testate dei due piani, i diffusi elementi di dettaglio con cui sono risolti angoli, sempre arrotondati, cornici e mensole. Tutto concorre alla definizione di un\u2019architettura tanto perfettamente rispondente alla funzione quanto innovativa nel linguaggio. Osservando l\u2019edificio non c\u2019\u00e8 punto di vista che non metta in evidenza l\u2019originalit\u00e0 del progetto; sembra di essere di fronte alla tolda di una nave, ma le pensiline sono \u201cali\u201d di un aviogetto, e tornano alla mente le linee fluenti della carrozzeria di una automobile degli anni Cinquanta. Siamo in quegli anni e questa architettura ne rappresenta lo spirito come nessun\u2019altra. L\u2019edificio presenta un piano completamente interrato a cantina e due piani fuori terra: uno prettamente commerciale con la stazione di servizio, l\u2019altro al primo piano, con un gruppo di uffici e l\u2019abitazione del gestore, spazi in verit\u00e0 mai occupati. La copertura a terrazzo, impermeabilizzato con asfalto, non \u00e8 mai stata praticabile per l\u2019assenza di ringhiere di protezione. La struttura portante \u00e8 in cemento armato, con muratura di tamponamento in laterizio a doppio tavolato. Anche la gronda \u00e8 in cemento armato: lo sbalzo della pensilina sul piano terra, gi\u00e0 considerevole ai lati (m 7) diviene di ben 14 metri in testa. Il fabbricato ha fronti simmetriche di quasi 40 metri su viale Certosa e via Espinasse; al primo piano la pensilina \u00e8 replicata con luce di 3 metri ai lati ed uno sbalzo massimo di quasi 9 metri verso la testata. Facciate e sottogronda sono rivestite in piastrelline di gres vetrificato, esteso anche ai pavimenti del piano terra. Ancora in buono stato di conservazione e seppur parzialmente utilizzato, il notevole edificio di Bacciocchi, del tutto ignorato dalla letteratura non solo specifica, merita ogni attenzione per la sua salvaguardia e valorizzazione.\u201d<br \/>\nScheda ARL Regione Lombardia (SIRBeC scheda ARL &#8211; 3m080-00076)<\/p>\n<p><strong>A.A. 2015\/16<\/strong><\/p>\n<p><a href=\"http:\/\/www.riformaremilano.polimi.it\/?page_id=2306\" target=\"_blank\" rel=\"noopener noreferrer\">Laboratorio Tematico Opzionale<\/a><strong><br \/>\n<\/strong>Docenti: Mariella Brenna, Dario Nachiero, Andrea Roscini<\/p>\n<p><strong>Studenti<\/strong><br \/>\nGiovanni D\u2019Odorico Borsoni, Bianca Felicori, Ilaria Furbetta<\/p>\n<p>&#8212;&#8211;<\/p>\n<p><strong>A.A. 2014\/15<\/strong><\/p>\n<p><a href=\"http:\/\/www.riformaremilano.polimi.it\/?page_id=1063\" target=\"_blank\" rel=\"noopener noreferrer\">Laboratorio di Progettazione Architettonica 2<\/a><br \/>\nDocenti: Guya Bertelli, Dario Vanetti, Paola Bracchi<\/p>\n<p><a href=\"http:\/\/www.riformaremilano.polimi.it\/?page_id=1417\" target=\"_blank\" rel=\"noopener noreferrer\">Architettura degli Interni nel Progetto per il Costruito<\/a><br \/>\nDocenti: Mariella Brenna, Maddalena Buffoli, Andrea Roscini<\/p>\n<p><strong>Studenti<br \/>\n<\/strong>Nicol\u00f2 Bianchi, Nicol\u00f2 Cornelli, Denise Galli, Camilla Inverardi, Simone Zanni,\u00a0Mattia Biondi, Stefano Minocchi, Gabriele Mundula, Marco Panzera<\/p>\n","protected":false},"excerpt":{"rendered":"<p>\u201cPercorrendo viale Certosa in direzione nord, all\u2019altezza di piazzale Accursio &#8211; sul cui rond\u00f2 sino&#8230;<\/p>\n","protected":false},"author":2,"featured_media":2139,"comment_status":"closed","ping_status":"open","sticky":false,"template":"","format":"standard","meta":{"footnotes":""},"categories":[9],"tags":[],"class_list":["post-909","post","type-post","status-publish","format-standard","has-post-thumbnail","hentry","category-dismesso-dautore"],"_links":{"self":[{"href":"https:\/\/www.riformaremilano.polimi.it\/index.php?rest_route=\/wp\/v2\/posts\/909","targetHints":{"allow":["GET"]}}],"collection":[{"href":"https:\/\/www.riformaremilano.polimi.it\/index.php?rest_route=\/wp\/v2\/posts"}],"about":[{"href":"https:\/\/www.riformaremilano.polimi.it\/index.php?rest_route=\/wp\/v2\/types\/post"}],"author":[{"embeddable":true,"href":"https:\/\/www.riformaremilano.polimi.it\/index.php?rest_route=\/wp\/v2\/users\/2"}],"replies":[{"embeddable":true,"href":"https:\/\/www.riformaremilano.polimi.it\/index.php?rest_route=%2Fwp%2Fv2%2Fcomments&post=909"}],"version-history":[{"count":10,"href":"https:\/\/www.riformaremilano.polimi.it\/index.php?rest_route=\/wp\/v2\/posts\/909\/revisions"}],"predecessor-version":[{"id":2403,"href":"https:\/\/www.riformaremilano.polimi.it\/index.php?rest_route=\/wp\/v2\/posts\/909\/revisions\/2403"}],"wp:featuredmedia":[{"embeddable":true,"href":"https:\/\/www.riformaremilano.polimi.it\/index.php?rest_route=\/wp\/v2\/media\/2139"}],"wp:attachment":[{"href":"https:\/\/www.riformaremilano.polimi.it\/index.php?rest_route=%2Fwp%2Fv2%2Fmedia&parent=909"}],"wp:term":[{"taxonomy":"category","embeddable":true,"href":"https:\/\/www.riformaremilano.polimi.it\/index.php?rest_route=%2Fwp%2Fv2%2Fcategories&post=909"},{"taxonomy":"post_tag","embeddable":true,"href":"https:\/\/www.riformaremilano.polimi.it\/index.php?rest_route=%2Fwp%2Fv2%2Ftags&post=909"}],"curies":[{"name":"wp","href":"https:\/\/api.w.org\/{rel}","templated":true}]}}