{"id":905,"date":"2015-07-10T15:18:53","date_gmt":"2015-07-10T15:18:53","guid":{"rendered":"http:\/\/www.riformaremilano.polimi.it\/?p=905"},"modified":"2017-06-05T08:02:32","modified_gmt":"2017-06-05T08:02:32","slug":"via-brunetti","status":"publish","type":"post","link":"https:\/\/www.riformaremilano.polimi.it\/?p=905","title":{"rendered":"VIA BRUNETTI"},"content":{"rendered":"<p align=\"justify\">Situato al di sotto del fascio ferroviario per Torino in prossimit\u00e0 all\u2019asta terminale delle autostrade dei Laghi, l\u2019ambito di ristrutturazione urbanistica \u00e8 posto in prossimit\u00e0 dell\u2019incrocio tra il cavalcavia del Ghisallo e viale Certosa. Un ambito intercluso tra sistemi infrastrutturali di grande scala: a nord, la linea ferroviaria per Torino e la stazione Certosa; a est viale Espinasse-via Varesina e il cavalcavia Palizzi; a ovest, all\u2019altezza di piazzale Kennedy, parte il cavalcavia del Ghisallo diretto verso lo svincolo autostradale di viale Certosa, quindi verso le Autostrade dei Laghi. Una sequenza di insediamenti misti residenziali e industriali, esito di disordinate addizioni e sostituzioni, costituisce una sorta di cortina continua che racchiude al centro un\u2019area non costruita di notevoli dimensioni destinata a parcheggio. Sorprende la mancanza di attrezzature di servizio e in particolare di verde urbano, anche di piccola scala, e la grande disomogeneit\u00e0 tra edifici di epoche, funzioni, propriet\u00e0 diverse.Tale disomogeneit\u00e0 rende certamente difficile un intervento coordinato di riordino e integrazione del tessuto fisico e socioeconomico esistente, che appare tuttavia un percorso obbligato per avviare un processo di graduale riqualificazione funzionale e di dotazione di attrezzature di piccola scala che riconfigurino questa parte della periferia industriale storica come un nuovo quartiere nel contesto metropolitano. [cm, bc]<\/p>\n<p><strong>A.A. 2015\/16<\/strong><\/p>\n<p><a href=\"http:\/\/www.riformaremilano.polimi.it\/?page_id=2107\" target=\"_blank\" rel=\"noopener noreferrer\">Laboratorio di Urbanistica<\/a><strong><br \/>\n<\/strong>Docenti: Stefano Recalcati, Giovanni Matteo Mai<\/p>\n<p><a href=\"http:\/\/www.riformaremilano.polimi.it\/?page_id=2113\" target=\"_blank\" rel=\"noopener noreferrer\">Architectural and Urban Design Studio<\/a><strong><br \/>\n<\/strong>Docenti: Marco Lucchini, Luis Manuel Basabe Montalvo<\/p>\n<p><a href=\"http:\/\/www.riformaremilano.polimi.it\/?page_id=2132\" target=\"_blank\" rel=\"noopener noreferrer\">Town Planning Design Workshop<\/a><strong><br \/>\n<\/strong>Docenti: Corinna Morandi, Elena Fontanella, Federico Jappelli<\/p>\n<p><a href=\"http:\/\/www.riformaremilano.polimi.it\/?page_id=2138\" target=\"_blank\" rel=\"noopener noreferrer\">Laboratorio di Progettazione e Costruzione dell\u2019architettura 2<\/a><strong><br \/>\n<\/strong>Docenti: Stefano Guidarini, Paolo De\u2019Angelis, Stefano De Antonellis, Davide Luraschi<\/p>\n<p><strong>Studenti<\/strong><br \/>\nFrancesca Moschione, Marta Muscillo, Elisabetta Negri, Laura Negri, Elisa Omezzoli; Fabiola Caffi, William Chan, Celina Frescaroli; Clelia Bonardi, Karina Zuiz Uriguen, Erika Spaggiari; Marie Vercraeye, Erika Van Houdt, Elizaveta Ovchinnikova; Elena Giambelli, Federica Pasquale, Chiara Perruzzotti; Andrea Arianese; Flavia Brajon, Ksenia Philippova, Maria Federica Puglia;\u00a0Gianluca Manciola, Paolo Del Toro; Chiara Tortosa, Marco Suardi, Donatella Caliandro; Alessandra Morandi, Laura Redaelli<\/p>\n<p>&#8212;&#8211;<\/p>\n<p><strong>A.A. 2014\/15<\/strong><\/p>\n<p><a href=\"http:\/\/www.riformaremilano.polimi.it\/?page_id=1120\" target=\"_blank\" rel=\"noopener noreferrer\">Town Planning Design Workshop<\/a><br \/>\nDocenti:\u00a0Corinna Morandi, Federico Jappelli, Lina Scavuzzo<\/p>\n<p><a href=\"http:\/\/www.riformaremilano.polimi.it\/?page_id=1211\" target=\"_blank\" rel=\"noopener noreferrer\">Laboratorio di Progettazione Architettonica 3<\/a><br \/>\nDocenti:\u00a0Fabrizio Zanni, Massimo Boffino<\/p>\n<p><a href=\"http:\/\/www.riformaremilano.polimi.it\/?page_id=1266\" target=\"_blank\" rel=\"noopener noreferrer\">Architectural Design Studio 2<br \/>\n<\/a>Docenti:\u00a0Remo Dorigati, Renato Juarez Corso, Massimilano Spadoni<\/p>\n<p><a href=\"http:\/\/www.riformaremilano.polimi.it\/?page_id=1326\" target=\"_blank\" rel=\"noopener noreferrer\">Laboratorio di Urbanistica<\/a><a href=\"http:\/\/www.riformaremilano.polimi.it\/?page_id=1266\" target=\"_blank\" rel=\"noopener noreferrer\"><br \/>\n<\/a>Docenti:\u00a0Stefano Recalcati, Matteo Mai<\/p>\n<p><strong>Studenti<br \/>\n<\/strong>Massimo D&#8217;Alessio, Biancamaria Dall&#8217;Aglio, Marco Francelli,\u00a0Federica Depari, Wei Guo, Valentina Lecchi,\u00a0Paola Fabbietti, Valentina Guido, Haonnan Ning, Giovanna Tognoni,\u00a0Umberto Clerici, Demetrio De Vito, Alessandro Dorlini, Patricia Dulon Amor,\u00a0Giovanni Emilio Galanello, Marco Lonardi, Marco Scitta,\u00a0Binnay Kalcioglu, Mizuki Nakajima,\u00a0Xiaoyue Li, Matteo Marchese, Marco Chiozzi,\u00a0Luigi Gugliara, Sacha Kanah, Federico Panella,\u00a0Mattia Barilani, Guglielmo Di Chiara, Tom Porat,\u00a0Francesca Mazza, Riccardo Antonio Mazza, Michela Mazzucchi, Davide Melloni, Marco Gioele Meraviglia, Greta Mercatilli, Lorenzo Merletti, Susanna Merlo, Martina Meroi, Filippo Maria Messuri, Martina Meulli, Pierandrea Micale, Dario Michencigh, Sara Midaglia, Michele Miglioranzi, Linda Migliorati, Martina Milani, Gloria Militello, Silvia Milone, Chiara Mincione, Martina Mion, Martina Moglia, Ilaria Mollica, Sofia Montalti, Viola Montanelli, Valentina Monteverdi, Simone Mora, Alessandro Moretti, Marco Moretti, Daniela Mori, Alba Morosini, Gianmarco Mottura, Alessandra Murelli, Giulia Murgia, Ciro Marco Musella, Khaoula Naceur, Orlando Naj Oleari, Daniele Nava, Andrea Negri, Giovanni Nembrini, Jennifer Nespoli, Federica Nisi, Marianna Nisoli, Martina Novelli, Giovanni Occhipinti, Matteo Occioni, Ogreni Xhensila<\/p>\n","protected":false},"excerpt":{"rendered":"<p>Situato al di sotto del fascio ferroviario per Torino in prossimit\u00e0 all\u2019asta terminale delle autostrade&#8230;<\/p>\n","protected":false},"author":2,"featured_media":2091,"comment_status":"closed","ping_status":"open","sticky":false,"template":"","format":"standard","meta":{"footnotes":""},"categories":[26],"tags":[],"class_list":["post-905","post","type-post","status-publish","format-standard","has-post-thumbnail","hentry","category-periferia-in-transizione-tra-industria-e-rinnovo-urbano"],"_links":{"self":[{"href":"https:\/\/www.riformaremilano.polimi.it\/index.php?rest_route=\/wp\/v2\/posts\/905","targetHints":{"allow":["GET"]}}],"collection":[{"href":"https:\/\/www.riformaremilano.polimi.it\/index.php?rest_route=\/wp\/v2\/posts"}],"about":[{"href":"https:\/\/www.riformaremilano.polimi.it\/index.php?rest_route=\/wp\/v2\/types\/post"}],"author":[{"embeddable":true,"href":"https:\/\/www.riformaremilano.polimi.it\/index.php?rest_route=\/wp\/v2\/users\/2"}],"replies":[{"embeddable":true,"href":"https:\/\/www.riformaremilano.polimi.it\/index.php?rest_route=%2Fwp%2Fv2%2Fcomments&post=905"}],"version-history":[{"count":14,"href":"https:\/\/www.riformaremilano.polimi.it\/index.php?rest_route=\/wp\/v2\/posts\/905\/revisions"}],"predecessor-version":[{"id":2635,"href":"https:\/\/www.riformaremilano.polimi.it\/index.php?rest_route=\/wp\/v2\/posts\/905\/revisions\/2635"}],"wp:featuredmedia":[{"embeddable":true,"href":"https:\/\/www.riformaremilano.polimi.it\/index.php?rest_route=\/wp\/v2\/media\/2091"}],"wp:attachment":[{"href":"https:\/\/www.riformaremilano.polimi.it\/index.php?rest_route=%2Fwp%2Fv2%2Fmedia&parent=905"}],"wp:term":[{"taxonomy":"category","embeddable":true,"href":"https:\/\/www.riformaremilano.polimi.it\/index.php?rest_route=%2Fwp%2Fv2%2Fcategories&post=905"},{"taxonomy":"post_tag","embeddable":true,"href":"https:\/\/www.riformaremilano.polimi.it\/index.php?rest_route=%2Fwp%2Fv2%2Ftags&post=905"}],"curies":[{"name":"wp","href":"https:\/\/api.w.org\/{rel}","templated":true}]}}