{"id":3463,"date":"2019-04-09T15:34:47","date_gmt":"2019-04-09T15:34:47","guid":{"rendered":"http:\/\/www.riformaremilano.polimi.it\/?p=3463"},"modified":"2019-04-30T10:53:23","modified_gmt":"2019-04-30T10:53:23","slug":"polisocial","status":"publish","type":"post","link":"https:\/\/www.riformaremilano.polimi.it\/?p=3463","title":{"rendered":"POLISOCIAL"},"content":{"rendered":"<p align=\"justify\">Il programma Polisocial mette a disposizione dei docenti un insieme di attivit\u00e0 e strumenti pensati come supporto al lavoro didattico e all\u2019implementazione delle attivit\u00e0 dei corsi e dei laboratori che parteciperanno al progetto Ri-Formare Periferie 2018. Questo contributo intende favorire lo sviluppo di progetti didattici che sappiano confrontarsi con contesti e problemi reali; pi\u00f9 attenti all\u2019interazione con i territori e le realt\u00e0 locali portatrici di istanze concrete, capaci di generare esiti e risultati tangibili in un\u2019ottica di utilit\u00e0 sociale. Nello specifico, il supporto di Polisocial si declina in:<\/p>\n<p align=\"justify\"><strong>1. Attivit\u00e0 di orientamento allo sviluppo di progetti di didattica sul campo.<\/strong> \u00c8 disponibile sulla piattaforma PoliMi Open Knowledge (POK) il MOOC &#8211; Action Learning for Inclusion. Architecture and planning education with marginalised communities. Il corso \u00e8 rivolto a docenti e formatori che operano nell\u2019ambito dell\u2019architettura, della progettazione urbana, della pianificazione e delle politiche urbane, e che intendono rinnovare le loro competenze con un approccio orientato all\u2019azione (Action-Learning). Il corso \u00e8 organizzato in differenti moduli, dedicati all\u2019approfondimento del metodo e degli strumenti dell\u2019Action Learning, con particolare riferimento a contesti marginali e al coinvolgimento delle comunit\u00e0. Il MOOC \u2013 Action Learning for Inclusion \u00e8 stato realizzato nell\u2019ambito del progetto Designing Inclusion (DESINC) finanziato dal programma Erasmus Plus (<a href=\"https:\/\/www.desinc.org\/\">www.desinc.org<\/a>).<br \/>\nPer accedere al corso: <a href=\"https:\/\/www.pok.polimi.it\/\">Polimi Open Knowledge &#8211; Pok &#8211; MOOC &#8211; Action Learning for Inclusion<\/a><\/p>\n<p><img loading=\"lazy\" decoding=\"async\" class=\"alignnone wp-image-3007 size-full\" src=\"http:\/\/www.riformaremilano.polimi.it\/wp-content\/uploads\/2018\/09\/01_ActionLearningMOOC_V2.jpg\" alt=\"\" width=\"797\" height=\"329\" srcset=\"https:\/\/www.riformaremilano.polimi.it\/wp-content\/uploads\/2018\/09\/01_ActionLearningMOOC_V2.jpg 797w, https:\/\/www.riformaremilano.polimi.it\/wp-content\/uploads\/2018\/09\/01_ActionLearningMOOC_V2-300x124.jpg 300w, https:\/\/www.riformaremilano.polimi.it\/wp-content\/uploads\/2018\/09\/01_ActionLearningMOOC_V2-768x317.jpg 768w\" sizes=\"auto, (max-width: 797px) 100vw, 797px\" \/><\/p>\n<p align=\"justify\"><strong>2. Organizzazione di iniziative nei territori e attivazione dei soggetti locali<\/strong><br \/>\nIl team del programma Polisocial si rende disponibile a creare occasioni di incontro e confronto con i territori oggetto del lavoro didattico e con le realt\u00e0 locali che in essi operano, per approfondire la conoscenza dei contesti di progetto e sviluppare un\u2019attivit\u00e0 didattica che sappia recepire le istanze locali come stimolo per la riflessione progettuale. In particolare, sar\u00e0 possibile:<br \/>\na. Organizzare momenti di confronto e dialogo con gli attori locali.<br \/>\nb. Organizzare attivit\u00e0 di esplorazione partecipata dei contesti, come ad esempio camminate di quartiere guidate dalle realt\u00e0 locali e dagli abitanti.<br \/>\nc. Organizzare momenti pubblici e aperti alla citt\u00e0 di restituzione degli esiti prodotti dai diversi contesti didattici (mostra-concorso; mostra interattiva e partecipata; eventi di presentazione dei risultati).<br \/>\nIn particolare, tali attivit\u00e0 potranno essere sviluppate nei seguenti quartieri: Q.re San Siro, Q.re Giambellino \u2013 Lorenteggio, Q.re Adriano \u2013 Padova \u2013 Nolo, Q.re Gallaratese \u2013 QT8.<\/p>\n<p><img loading=\"lazy\" decoding=\"async\" class=\"alignnone wp-image-3015 size-full\" src=\"http:\/\/www.riformaremilano.polimi.it\/wp-content\/uploads\/2018\/09\/02_Itinerari-nei-quartieri-1.jpg\" alt=\"\" width=\"1505\" height=\"844\" srcset=\"https:\/\/www.riformaremilano.polimi.it\/wp-content\/uploads\/2018\/09\/02_Itinerari-nei-quartieri-1.jpg 1505w, https:\/\/www.riformaremilano.polimi.it\/wp-content\/uploads\/2018\/09\/02_Itinerari-nei-quartieri-1-300x168.jpg 300w, https:\/\/www.riformaremilano.polimi.it\/wp-content\/uploads\/2018\/09\/02_Itinerari-nei-quartieri-1-768x431.jpg 768w, https:\/\/www.riformaremilano.polimi.it\/wp-content\/uploads\/2018\/09\/02_Itinerari-nei-quartieri-1-1024x574.jpg 1024w, https:\/\/www.riformaremilano.polimi.it\/wp-content\/uploads\/2018\/09\/02_Itinerari-nei-quartieri-1-640x360.jpg 640w\" sizes=\"auto, (max-width: 1505px) 100vw, 1505px\" \/><\/p>\n<p align=\"justify\"><strong>3. Attivazione di sinergie con l\u2019iniziativa OFF CAMPUS &#8211; Il Cantiere per le Periferie<\/strong> promossa nell\u2019ambito delle attivit\u00e0 di Polisocial. Il team del programma \u00e8 impegnato nello sviluppo degli OFF CAMPUS, spazi fisici collocati in tre quartieri della citt\u00e0 di Milano, intesi come \u201cantenne\u201d dell\u2019universit\u00e0 nella citt\u00e0, in cui sviluppare differenti attivit\u00e0: dai progetti di didattica sul campo, ad attivit\u00e0 di ricerca sul campo, ad iniziative di public engagement e di azione diretta nei territori. Questi spazi si configurano come Osservatori locali nei contesti territoriali in cui si collocano e sulle dinamiche sociali e urbane che li attraversano, offrendo la possibilit\u00e0 di lavorare su differenti tematiche progettuali. In particolare: l\u2019Osservatorio sull\u2019Abitare e sulle Periferie urbane nel Q.re San Siro presso gli spazi in via Abbiati 4 e 6; l\u2019Osservatorio sulla Riattivazione dei Quartieri nel Q.re Nolo all\u2019interno del Mercato di Viale Monza 54; l\u2019Osservatorio sulle Residenze Universitarie, nel Q.re Gallaratese presso la Residenza I. Newton in via Borsa 25. Gli spazi saranno attivi e accessibili a partire dal secondo semestre dell\u2019a.a. 2018\/2019 e il team Polisocial sar\u00e0 il riferimento per attivare sinergie tra questa iniziativa e il progetto Ri-Formare Periferie 2018.<\/p>\n<p><img decoding=\"async\" class=\"alignnone size-full wp-image-2994\" src=\"http:\/\/www.riformaremilano.polimi.it\/wp-content\/uploads\/2018\/09\/03_Mappa-Off-Campus_spazi-1.jpg\" alt=\"\" \/><\/p>\n<p><img loading=\"lazy\" decoding=\"async\" class=\"alignnone size-full wp-image-3011\" src=\"http:\/\/www.riformaremilano.polimi.it\/wp-content\/uploads\/2018\/09\/striscia-foto.png\" alt=\"\" width=\"1190\" height=\"253\" srcset=\"https:\/\/www.riformaremilano.polimi.it\/wp-content\/uploads\/2018\/09\/striscia-foto.png 1190w, https:\/\/www.riformaremilano.polimi.it\/wp-content\/uploads\/2018\/09\/striscia-foto-300x64.png 300w, https:\/\/www.riformaremilano.polimi.it\/wp-content\/uploads\/2018\/09\/striscia-foto-768x163.png 768w, https:\/\/www.riformaremilano.polimi.it\/wp-content\/uploads\/2018\/09\/striscia-foto-1024x218.png 1024w\" sizes=\"auto, (max-width: 1190px) 100vw, 1190px\" \/><\/p>\n<p class=\"x_MsoNormal\">Per ulteriori informazioni e contatti potete scrivere a:<br \/>\n<a href=\"mailto:polisocial@polimi.it\" target=\"_blank\" rel=\"noopener noreferrer\" data-auth=\"NotApplicable\">polisocial@polimi.it<\/a><br \/>\n<a href=\"mailto:ida.castelnuovo@polimi.it\" target=\"_blank\" rel=\"noopener noreferrer\" data-auth=\"NotApplicable\">ida.castelnuovo@polimi.it<\/a><\/p>\n","protected":false},"excerpt":{"rendered":"<p>Il programma Polisocial mette a disposizione dei docenti un insieme di attivit\u00e0 e strumenti pensati&#8230;<\/p>\n","protected":false},"author":2,"featured_media":3464,"comment_status":"closed","ping_status":"open","sticky":true,"template":"","format":"standard","meta":{"footnotes":""},"categories":[1],"tags":[],"class_list":["post-3463","post","type-post","status-publish","format-standard","has-post-thumbnail","hentry","category-uncategorized"],"_links":{"self":[{"href":"https:\/\/www.riformaremilano.polimi.it\/index.php?rest_route=\/wp\/v2\/posts\/3463","targetHints":{"allow":["GET"]}}],"collection":[{"href":"https:\/\/www.riformaremilano.polimi.it\/index.php?rest_route=\/wp\/v2\/posts"}],"about":[{"href":"https:\/\/www.riformaremilano.polimi.it\/index.php?rest_route=\/wp\/v2\/types\/post"}],"author":[{"embeddable":true,"href":"https:\/\/www.riformaremilano.polimi.it\/index.php?rest_route=\/wp\/v2\/users\/2"}],"replies":[{"embeddable":true,"href":"https:\/\/www.riformaremilano.polimi.it\/index.php?rest_route=%2Fwp%2Fv2%2Fcomments&post=3463"}],"version-history":[{"count":3,"href":"https:\/\/www.riformaremilano.polimi.it\/index.php?rest_route=\/wp\/v2\/posts\/3463\/revisions"}],"predecessor-version":[{"id":3715,"href":"https:\/\/www.riformaremilano.polimi.it\/index.php?rest_route=\/wp\/v2\/posts\/3463\/revisions\/3715"}],"wp:featuredmedia":[{"embeddable":true,"href":"https:\/\/www.riformaremilano.polimi.it\/index.php?rest_route=\/wp\/v2\/media\/3464"}],"wp:attachment":[{"href":"https:\/\/www.riformaremilano.polimi.it\/index.php?rest_route=%2Fwp%2Fv2%2Fmedia&parent=3463"}],"wp:term":[{"taxonomy":"category","embeddable":true,"href":"https:\/\/www.riformaremilano.polimi.it\/index.php?rest_route=%2Fwp%2Fv2%2Fcategories&post=3463"},{"taxonomy":"post_tag","embeddable":true,"href":"https:\/\/www.riformaremilano.polimi.it\/index.php?rest_route=%2Fwp%2Fv2%2Ftags&post=3463"}],"curies":[{"name":"wp","href":"https:\/\/api.w.org\/{rel}","templated":true}]}}