{"id":2846,"date":"2018-07-03T16:50:47","date_gmt":"2018-07-03T16:50:47","guid":{"rendered":"http:\/\/www.riformaremilano.polimi.it\/?p=2846"},"modified":"2019-05-28T09:03:53","modified_gmt":"2019-05-28T09:03:53","slug":"d-1-mercato-comunale-gorla","status":"publish","type":"post","link":"https:\/\/www.riformaremilano.polimi.it\/?p=2846","title":{"rendered":"D.1 Mercato comunale Gorla"},"content":{"rendered":"<p align=\"justify\">Il mercato comunale di Gorla \u00e8 situato nel settore nord-orientale della citt\u00e0 di Milano, lungo Viale Monza: uno dei pi\u00f9 importanti tracciati storici che collegano Milano con l\u2019area metropolitana in direzione nord-est. Il mercato \u00e8 facilmente accessibile dalla stazione della metropolitana di Gorla (linea 1), ed \u00e8 in prossimit\u00e0 del naviglio della Martesana. L\u2019ambito di intervento comprende un\u2019area di circa 970 mq ed \u00e8 occupato quasi interamente dall\u2019edificio, oggi inutilizzato, del mercato, inserito all\u2019interno di un tessuto urbano misto, recentemente interessato dal processo di rivitalizzazione che ha accompagnato la riscoperta dell\u2019area a nord di piazzale Loreto. La struttura esistente del mercato si articola in un unico livello fuori terra, differenziandosi dagli edifici circostanti, che formano un tessuto molto denso e prevalentemente residenziale, e rappresentando un punto di discontinuit\u00e0. L\u2019area del mercato di Gorla occupa una strategica nella rigenerazione di un ambito esteso attraverso un intervento di tipo puntuale: la trasformazione dell\u2019area ad angolo tra viale Monza e via Monte S. Gabriele. Il ripensamento del ruolo del mercato e la sua integrazione a funzioni altre pu\u00f2 inoltre contribuire a fare del mercato di Gorla una nuova centralit\u00e0 lungo l\u2019asse di viale Monza.<\/p>\n<p align=\"justify\"><strong>A.A. 2018\/2019<\/strong><\/p>\n<p><a href=\"https:\/\/www11.ceda.polimi.it\/schedaincarico\/schedaincarico\/controller\/scheda_pubblica\/SchedaPublic.do?&amp;evn_default=evento&amp;c_classe=687584&amp;__pj0=0&amp;__pj1=88142f49cce99275ebbc1848e07ab36f\" target=\"_blank\" rel=\"noopener noreferrer\">Laboratorio di progettazione degli Interni 2<\/a><br \/>\nDocenti: Roberto Rizzi, Barbara Ester Adele Piga, Stefania Sabatinelli<\/p>\n<p><a href=\"http:\/\/www.riformaremilano.polimi.it\/?page_id=3414\" target=\"_blank\" rel=\"noopener noreferrer\">Laboratorio di progettazione Architettonica 3 [NEW CONTENT]<\/a><br \/>\nDocenti: Stefano Guidarini, Caterina Bassoli<\/p>\n<p><a href=\"https:\/\/www11.ceda.polimi.it\/schedaincarico\/schedaincarico\/controller\/scheda_pubblica\/SchedaPublic.do?&amp;evn_default=evento&amp;c_classe=688023&amp;__pj0=0&amp;__pj1=5b35fa7a1a17183a31809ad4a16a6d90\" target=\"_blank\" rel=\"noopener noreferrer\">Laboratorio delle Costruzioni Complesse<\/a><br \/>\nDocenti: Stefano Guidarini, Marco Contini<\/p>\n<p><a href=\"https:\/\/www11.ceda.polimi.it\/schedaincarico\/schedaincarico\/controller\/scheda_pubblica\/SchedaPublic.do?&amp;evn_default=evento&amp;c_classe=686356&amp;__pj0=0&amp;__pj1=774c20ef1ac614f87053572dc7bd8ded\" target=\"_blank\" rel=\"noopener noreferrer\">Architectural Design Studio 2<\/a><br \/>\nDocenti: Giulia Setti, Giovanni Bassi, Ana Veljkovic<\/p>\n<p><a href=\"http:\/\/www.riformaremilano.polimi.it\/?page_id=3397\" target=\"_blank\" rel=\"noopener noreferrer\">Laboratorio di Progettazione Architettonica 3 [NEW CONTENT]<\/a><br \/>\nDocenti: Edoardo Colonna Di Paliano, Giulio Massimo Barazzetta<\/p>\n<p style=\"padding-left: 30px;\">\n","protected":false},"excerpt":{"rendered":"<p>Il mercato comunale di Gorla \u00e8 situato nel settore nord-orientale della citt\u00e0 di Milano, lungo&#8230;<\/p>\n","protected":false},"author":2,"featured_media":2848,"comment_status":"closed","ping_status":"open","sticky":false,"template":"","format":"standard","meta":{"footnotes":""},"categories":[1],"tags":[32],"class_list":["post-2846","post","type-post","status-publish","format-standard","has-post-thumbnail","hentry","category-uncategorized","tag-riqualificazione-dello-spazio-pubblico"],"_links":{"self":[{"href":"https:\/\/www.riformaremilano.polimi.it\/index.php?rest_route=\/wp\/v2\/posts\/2846","targetHints":{"allow":["GET"]}}],"collection":[{"href":"https:\/\/www.riformaremilano.polimi.it\/index.php?rest_route=\/wp\/v2\/posts"}],"about":[{"href":"https:\/\/www.riformaremilano.polimi.it\/index.php?rest_route=\/wp\/v2\/types\/post"}],"author":[{"embeddable":true,"href":"https:\/\/www.riformaremilano.polimi.it\/index.php?rest_route=\/wp\/v2\/users\/2"}],"replies":[{"embeddable":true,"href":"https:\/\/www.riformaremilano.polimi.it\/index.php?rest_route=%2Fwp%2Fv2%2Fcomments&post=2846"}],"version-history":[{"count":5,"href":"https:\/\/www.riformaremilano.polimi.it\/index.php?rest_route=\/wp\/v2\/posts\/2846\/revisions"}],"predecessor-version":[{"id":3788,"href":"https:\/\/www.riformaremilano.polimi.it\/index.php?rest_route=\/wp\/v2\/posts\/2846\/revisions\/3788"}],"wp:featuredmedia":[{"embeddable":true,"href":"https:\/\/www.riformaremilano.polimi.it\/index.php?rest_route=\/wp\/v2\/media\/2848"}],"wp:attachment":[{"href":"https:\/\/www.riformaremilano.polimi.it\/index.php?rest_route=%2Fwp%2Fv2%2Fmedia&parent=2846"}],"wp:term":[{"taxonomy":"category","embeddable":true,"href":"https:\/\/www.riformaremilano.polimi.it\/index.php?rest_route=%2Fwp%2Fv2%2Fcategories&post=2846"},{"taxonomy":"post_tag","embeddable":true,"href":"https:\/\/www.riformaremilano.polimi.it\/index.php?rest_route=%2Fwp%2Fv2%2Ftags&post=2846"}],"curies":[{"name":"wp","href":"https:\/\/api.w.org\/{rel}","templated":true}]}}