{"id":2822,"date":"2018-06-12T10:02:38","date_gmt":"2018-06-12T10:02:38","guid":{"rendered":"http:\/\/www.riformaremilano.polimi.it\/?p=2822"},"modified":"2018-12-11T10:20:48","modified_gmt":"2018-12-11T10:20:48","slug":"c-4-piazza-angilberto-ii-piazza-san-luigi-piazza-ferrara","status":"publish","type":"post","link":"https:\/\/www.riformaremilano.polimi.it\/?p=2822","title":{"rendered":"C.4 Piazza Angilberto II, piazza San Luigi, piazza Ferrara"},"content":{"rendered":"<p align=\"justify\"> <em>Piazza Ferrara: pianificazione del degrado<\/em>, oppure  <em>Degrado e illegalit\u00e0 in Piazza Angilberto<\/em>, e anche <em>Le anime perse del Corvetto: I pusher, l\u2019ecomostro, gli anarchici<\/em>; questi sono alcuni dei titoli di articoli recentemente pubblicati a proposito di queste aree e sono uno spaccato molto eloquente su quella che \u00e8 la situazione reale. Le tre piazze fanno parte di Corvetto, nome con cui si tende ad identificare una vasta area che comprende anche il quartiere Mazzini (uno dei pi\u00f9 estesi quartieri popolari realizzati a Milano fra le due guerre). Se \u00e8 vero che vi sono diverse criticit\u00e0 in quest\u2019area, tuttavia vi sono anche in atto diverse iniziative e progetti volti a migliorarne le condizioni; e vi sono anche diversi edifici ed aree libere esistenti ad oggi sottoutilizzati, che possono diventare vere  centralit\u00e0 di quartiere. <\/p>\n","protected":false},"excerpt":{"rendered":"<p>Piazza Ferrara: pianificazione del degrado, oppure Degrado e illegalit\u00e0 in Piazza Angilberto, e anche Le&#8230;<\/p>\n","protected":false},"author":2,"featured_media":2823,"comment_status":"closed","ping_status":"open","sticky":false,"template":"","format":"standard","meta":{"footnotes":""},"categories":[1],"tags":[32],"class_list":["post-2822","post","type-post","status-publish","format-standard","has-post-thumbnail","hentry","category-uncategorized","tag-riqualificazione-dello-spazio-pubblico"],"_links":{"self":[{"href":"https:\/\/www.riformaremilano.polimi.it\/index.php?rest_route=\/wp\/v2\/posts\/2822","targetHints":{"allow":["GET"]}}],"collection":[{"href":"https:\/\/www.riformaremilano.polimi.it\/index.php?rest_route=\/wp\/v2\/posts"}],"about":[{"href":"https:\/\/www.riformaremilano.polimi.it\/index.php?rest_route=\/wp\/v2\/types\/post"}],"author":[{"embeddable":true,"href":"https:\/\/www.riformaremilano.polimi.it\/index.php?rest_route=\/wp\/v2\/users\/2"}],"replies":[{"embeddable":true,"href":"https:\/\/www.riformaremilano.polimi.it\/index.php?rest_route=%2Fwp%2Fv2%2Fcomments&post=2822"}],"version-history":[{"count":3,"href":"https:\/\/www.riformaremilano.polimi.it\/index.php?rest_route=\/wp\/v2\/posts\/2822\/revisions"}],"predecessor-version":[{"id":3150,"href":"https:\/\/www.riformaremilano.polimi.it\/index.php?rest_route=\/wp\/v2\/posts\/2822\/revisions\/3150"}],"wp:featuredmedia":[{"embeddable":true,"href":"https:\/\/www.riformaremilano.polimi.it\/index.php?rest_route=\/wp\/v2\/media\/2823"}],"wp:attachment":[{"href":"https:\/\/www.riformaremilano.polimi.it\/index.php?rest_route=%2Fwp%2Fv2%2Fmedia&parent=2822"}],"wp:term":[{"taxonomy":"category","embeddable":true,"href":"https:\/\/www.riformaremilano.polimi.it\/index.php?rest_route=%2Fwp%2Fv2%2Fcategories&post=2822"},{"taxonomy":"post_tag","embeddable":true,"href":"https:\/\/www.riformaremilano.polimi.it\/index.php?rest_route=%2Fwp%2Fv2%2Ftags&post=2822"}],"curies":[{"name":"wp","href":"https:\/\/api.w.org\/{rel}","templated":true}]}}