{"id":2779,"date":"2018-06-12T09:24:16","date_gmt":"2018-06-12T09:24:16","guid":{"rendered":"http:\/\/www.riformaremilano.polimi.it\/?p=2779"},"modified":"2018-12-13T19:54:00","modified_gmt":"2018-12-13T19:54:00","slug":"q-4-ponte-lambro","status":"publish","type":"post","link":"https:\/\/www.riformaremilano.polimi.it\/?p=2779","title":{"rendered":"Q.4 Ponte Lambro"},"content":{"rendered":"<p align=\"justify\">Ponte Lambro \u00e8 un\u2019isola distaccata circondata dalle piste dello scalo di Linate, il fiume Lambro e il reticolo della tangenziale Est, raggiungibile tramite un sottopasso pedonale difficilmente percorribile . Area scarsamente accessibile dalla citt\u00e0, con forti disagi sociali, ma anche ricca di numerose associazioni che lottano per il riscatto di questa parte di citt\u00e0. Segnale debole del tentativo di riqualificazione del quartiere \u00e8 stata l\u2019operazione \u201cLaboratorio di quartiere\u201d di Renzo Piano, un progetto che voleva ricucire questo tessuto portando servizi e attivit\u00e0. L\u2019incompiutezza del progetto dimostra la difficolt\u00e0 di agire in contesti cos\u00ec complessi, ma anche la necessit\u00e0 di proporre soluzioni articolate e radicate nel tessuto sociale e territoriale.<\/p>\n<p><strong>A.A. 2018\/2019<\/strong><\/p>\n<p><a href=\"https:\/\/www11.ceda.polimi.it\/schedaincarico\/schedaincarico\/controller\/scheda_pubblica\/SchedaPublic.do?&amp;evn_default=evento&amp;c_classe=692832&amp;__pj0=0&amp;__pj1=97c898d4618f4910cb2479d78e1f84d6\" target=\"_blank\" rel=\"noopener\">Laboratorio Finale Tesi<\/a><br \/>\nDocenti: Elena Germana Mussinelli, Alessandra Oppio, Filippo Orsini<\/p>\n","protected":false},"excerpt":{"rendered":"<p>Ponte Lambro \u00e8 un\u2019isola distaccata circondata dalle piste dello scalo di Linate, il fiume Lambro&#8230;<\/p>\n","protected":false},"author":2,"featured_media":2780,"comment_status":"closed","ping_status":"open","sticky":false,"template":"","format":"standard","meta":{"footnotes":""},"categories":[1],"tags":[32],"class_list":["post-2779","post","type-post","status-publish","format-standard","has-post-thumbnail","hentry","category-uncategorized","tag-riqualificazione-dello-spazio-pubblico"],"_links":{"self":[{"href":"https:\/\/www.riformaremilano.polimi.it\/index.php?rest_route=\/wp\/v2\/posts\/2779","targetHints":{"allow":["GET"]}}],"collection":[{"href":"https:\/\/www.riformaremilano.polimi.it\/index.php?rest_route=\/wp\/v2\/posts"}],"about":[{"href":"https:\/\/www.riformaremilano.polimi.it\/index.php?rest_route=\/wp\/v2\/types\/post"}],"author":[{"embeddable":true,"href":"https:\/\/www.riformaremilano.polimi.it\/index.php?rest_route=\/wp\/v2\/users\/2"}],"replies":[{"embeddable":true,"href":"https:\/\/www.riformaremilano.polimi.it\/index.php?rest_route=%2Fwp%2Fv2%2Fcomments&post=2779"}],"version-history":[{"count":4,"href":"https:\/\/www.riformaremilano.polimi.it\/index.php?rest_route=\/wp\/v2\/posts\/2779\/revisions"}],"predecessor-version":[{"id":3241,"href":"https:\/\/www.riformaremilano.polimi.it\/index.php?rest_route=\/wp\/v2\/posts\/2779\/revisions\/3241"}],"wp:featuredmedia":[{"embeddable":true,"href":"https:\/\/www.riformaremilano.polimi.it\/index.php?rest_route=\/wp\/v2\/media\/2780"}],"wp:attachment":[{"href":"https:\/\/www.riformaremilano.polimi.it\/index.php?rest_route=%2Fwp%2Fv2%2Fmedia&parent=2779"}],"wp:term":[{"taxonomy":"category","embeddable":true,"href":"https:\/\/www.riformaremilano.polimi.it\/index.php?rest_route=%2Fwp%2Fv2%2Fcategories&post=2779"},{"taxonomy":"post_tag","embeddable":true,"href":"https:\/\/www.riformaremilano.polimi.it\/index.php?rest_route=%2Fwp%2Fv2%2Ftags&post=2779"}],"curies":[{"name":"wp","href":"https:\/\/api.w.org\/{rel}","templated":true}]}}