{"id":2776,"date":"2018-07-03T16:55:37","date_gmt":"2018-07-03T16:55:37","guid":{"rendered":"http:\/\/www.riformaremilano.polimi.it\/?p=2776"},"modified":"2018-12-13T17:08:03","modified_gmt":"2018-12-13T17:08:03","slug":"q-3-comasina","status":"publish","type":"post","link":"https:\/\/www.riformaremilano.polimi.it\/?p=2776","title":{"rendered":"Q.3 Comasina"},"content":{"rendered":"<p align=\"justify\">La Comasina \u00e8 un quartiere di Milano, compreso nel Municipio 9. Questo quartiere \u00e8 uno degli interventi di edilizia pubblica pi\u00f9 grandi realizzati a Milano dall\u2019Istituto Autonomo Case Popolari: ottantaquattro edifici, realizzati tra il 1953 e il 1969. In questo lasso di tempo partecipano alla progettazione di quello che negli intenti doveva essere il massimo esempio di \u201cquartiere autosufficiente\u201d pi\u00f9 di 30 architetti tra i quali Camillo Rossetti, Piero Bottoni, Pietro Lingeri e Giancarlo de Carlo. La ricchezza di approcci ha determinato il carattere di forte eterogeneit\u00e0 dell\u2019insediamento, che ancora oggi \u00e8 dotato di un certo grado di autonomia rispetto al settore urbano di riferimento e poco accessibile dal centro.<\/p>\n","protected":false},"excerpt":{"rendered":"<p>La Comasina \u00e8 un quartiere di Milano, compreso nel Municipio 9. Questo quartiere \u00e8 uno&#8230;<\/p>\n","protected":false},"author":2,"featured_media":2778,"comment_status":"closed","ping_status":"open","sticky":false,"template":"","format":"standard","meta":{"footnotes":""},"categories":[1],"tags":[32],"class_list":["post-2776","post","type-post","status-publish","format-standard","has-post-thumbnail","hentry","category-uncategorized","tag-riqualificazione-dello-spazio-pubblico"],"_links":{"self":[{"href":"https:\/\/www.riformaremilano.polimi.it\/index.php?rest_route=\/wp\/v2\/posts\/2776","targetHints":{"allow":["GET"]}}],"collection":[{"href":"https:\/\/www.riformaremilano.polimi.it\/index.php?rest_route=\/wp\/v2\/posts"}],"about":[{"href":"https:\/\/www.riformaremilano.polimi.it\/index.php?rest_route=\/wp\/v2\/types\/post"}],"author":[{"embeddable":true,"href":"https:\/\/www.riformaremilano.polimi.it\/index.php?rest_route=\/wp\/v2\/users\/2"}],"replies":[{"embeddable":true,"href":"https:\/\/www.riformaremilano.polimi.it\/index.php?rest_route=%2Fwp%2Fv2%2Fcomments&post=2776"}],"version-history":[{"count":4,"href":"https:\/\/www.riformaremilano.polimi.it\/index.php?rest_route=\/wp\/v2\/posts\/2776\/revisions"}],"predecessor-version":[{"id":3237,"href":"https:\/\/www.riformaremilano.polimi.it\/index.php?rest_route=\/wp\/v2\/posts\/2776\/revisions\/3237"}],"wp:featuredmedia":[{"embeddable":true,"href":"https:\/\/www.riformaremilano.polimi.it\/index.php?rest_route=\/wp\/v2\/media\/2778"}],"wp:attachment":[{"href":"https:\/\/www.riformaremilano.polimi.it\/index.php?rest_route=%2Fwp%2Fv2%2Fmedia&parent=2776"}],"wp:term":[{"taxonomy":"category","embeddable":true,"href":"https:\/\/www.riformaremilano.polimi.it\/index.php?rest_route=%2Fwp%2Fv2%2Fcategories&post=2776"},{"taxonomy":"post_tag","embeddable":true,"href":"https:\/\/www.riformaremilano.polimi.it\/index.php?rest_route=%2Fwp%2Fv2%2Ftags&post=2776"}],"curies":[{"name":"wp","href":"https:\/\/api.w.org\/{rel}","templated":true}]}}