{"id":1925,"date":"2017-05-31T12:36:57","date_gmt":"2017-05-31T12:36:57","guid":{"rendered":"http:\/\/www.riformaremilano.polimi.it\/?p=1925"},"modified":"2017-06-05T08:09:47","modified_gmt":"2017-06-05T08:09:47","slug":"via-lecco-viale-tunisia","status":"publish","type":"post","link":"https:\/\/www.riformaremilano.polimi.it\/?p=1925","title":{"rendered":"VIA LECCO-VIALE TUNISIA"},"content":{"rendered":"<p align=\"justify\">L\u2019area si trova tra viale Tunisia e via Lecco ed \u00e8 parte di un isolato urbano rettangolare; la demolizione dell\u2019edificio di via Lecco 9 \u2013 avvenuta nel 2008-2009 \u2013 ha lasciato un vuoto nel tassello localizzato all\u2019angolo sud-est sud-ovest dell\u2019isolato, in corrispondenza dei muri perimetrali degli edifici adiacenti e di una corte. L\u2019area si trova nei pressi di Porta Venezia, gi\u00e0 Porta Orientale, in un punto denso di stratificazioni e di tracce storiche, dentro l\u2019area del Lazzaretto costruito nel 1500 circa e di fronte alla chiesa di San Carlo. L\u2019area si svilupp\u00f2 a seguito delle vicende del Lazzaretto: nella seconda met\u00e0 del 1800 esso venne quasi completamente demolito e cambi\u00f2 propriet\u00e0, ne segu\u00ec la costruzione di diversi edifici e una lottizzazione, il cui impianto morfologico era strutturato su isolati rettangolari ortogonali. Su questo impianto venne aggiunta la costruzione della vecchia Stazione Centrale e del viadotto ferroviario localizzato lungo l\u2019attuale viale Tunisia, \u00a0proprio in corrispondenza dell\u2019area \u2013 poi demolito nel 1930-31 a seguito della costruzione dell\u2019attuale Stazione Centrale \u2013 mentre lo spazio pubblico prospiciente l\u2019area \u2013 largo fra Polo Bellintani \u2013 \u00e8 stato recentemente oggetto di lavori di arredo urbano e pedonalizzato; \u00e8 in corso il restauro della chiesa di San Carlo, localizzata al centro del vecchio Lazzaretto, che sta per essere riaperta al culto. L\u2019edificio demolito di via Lecco 9 era stato parzialmente danneggiato durante la Seconda Guerra Mondiale e per pi\u00f9 di vent\u2019anni \u00e8 stato caratterizzato da uno stato di forte degrado: fatiscente e in disuso divenne meta di abusivi e clandestini. Per un breve periodo \u00e8 stato occupato da un gruppo di rifugiati; poi sgomberato, anche a seguito delle richieste dei residenti che ne chiedevano la messa in sicurezza. Il progetto dell\u2019area, dunque, deve confrontarsi con le preesistenze e le stratificazioni, proporre una soluzione per la composizione dell\u2019angolo dell\u2019isolato e stabilire delle relazioni con l\u2019austera cortina edilizia di viale Tunisia. [cc]<\/p>\n<p align=\"justify\"><strong>A.A. 2015\/16<\/strong><\/p>\n<p><a href=\"http:\/\/www.riformaremilano.polimi.it\/?page_id=2226\" target=\"_blank\" rel=\"noopener noreferrer\">Laboratorio di Costruzione dell\u2019Architettura<\/a><strong><br \/>\n<\/strong>Docenti: Andrea Campioli, Sandro Scansani<\/p>\n<p><a href=\"http:\/\/www.riformaremilano.polimi.it\/?page_id=2258\" target=\"_blank\" rel=\"noopener noreferrer\">Laboratorio di Progettazione Architettonica 2<\/a><strong><br \/>\n<\/strong>Docenti: Andrea Oldani, Mariella Brenna, Camilla Casonato<\/p>\n<p><strong>Studenti<\/strong><br \/>\nMargherita Bolgiani, Jessica Rossino; Francesco D\u2019Antuono; Anna Evangelisti, Luca Fanetti; Valeria Piccioni, Martina Riso; Anna Catanzariti<\/p>\n","protected":false},"excerpt":{"rendered":"<p>L\u2019area si trova tra viale Tunisia e via Lecco ed \u00e8 parte di un isolato&#8230;<\/p>\n","protected":false},"author":2,"featured_media":2165,"comment_status":"closed","ping_status":"open","sticky":false,"template":"","format":"standard","meta":{"footnotes":""},"categories":[12],"tags":[],"class_list":["post-1925","post","type-post","status-publish","format-standard","has-post-thumbnail","hentry","category-tasselli-di-degrado"],"_links":{"self":[{"href":"https:\/\/www.riformaremilano.polimi.it\/index.php?rest_route=\/wp\/v2\/posts\/1925","targetHints":{"allow":["GET"]}}],"collection":[{"href":"https:\/\/www.riformaremilano.polimi.it\/index.php?rest_route=\/wp\/v2\/posts"}],"about":[{"href":"https:\/\/www.riformaremilano.polimi.it\/index.php?rest_route=\/wp\/v2\/types\/post"}],"author":[{"embeddable":true,"href":"https:\/\/www.riformaremilano.polimi.it\/index.php?rest_route=\/wp\/v2\/users\/2"}],"replies":[{"embeddable":true,"href":"https:\/\/www.riformaremilano.polimi.it\/index.php?rest_route=%2Fwp%2Fv2%2Fcomments&post=1925"}],"version-history":[{"count":6,"href":"https:\/\/www.riformaremilano.polimi.it\/index.php?rest_route=\/wp\/v2\/posts\/1925\/revisions"}],"predecessor-version":[{"id":2387,"href":"https:\/\/www.riformaremilano.polimi.it\/index.php?rest_route=\/wp\/v2\/posts\/1925\/revisions\/2387"}],"wp:featuredmedia":[{"embeddable":true,"href":"https:\/\/www.riformaremilano.polimi.it\/index.php?rest_route=\/wp\/v2\/media\/2165"}],"wp:attachment":[{"href":"https:\/\/www.riformaremilano.polimi.it\/index.php?rest_route=%2Fwp%2Fv2%2Fmedia&parent=1925"}],"wp:term":[{"taxonomy":"category","embeddable":true,"href":"https:\/\/www.riformaremilano.polimi.it\/index.php?rest_route=%2Fwp%2Fv2%2Fcategories&post=1925"},{"taxonomy":"post_tag","embeddable":true,"href":"https:\/\/www.riformaremilano.polimi.it\/index.php?rest_route=%2Fwp%2Fv2%2Ftags&post=1925"}],"curies":[{"name":"wp","href":"https:\/\/api.w.org\/{rel}","templated":true}]}}